{"id":623,"date":"2025-04-30T13:10:50","date_gmt":"2025-04-30T19:10:50","guid":{"rendered":"https:\/\/pdabogados.com.mx\/?p=623"},"modified":"2025-04-30T13:12:38","modified_gmt":"2025-04-30T19:12:38","slug":"como-te-puede-proteger-el-derecho-laboral-en-tu-empresa","status":"publish","type":"post","link":"https:\/\/pdabogados.com.mx\/index.php\/2025\/04\/30\/como-te-puede-proteger-el-derecho-laboral-en-tu-empresa\/","title":{"rendered":"Como puede proteger el Derecho Laboral a tu empresa"},"content":{"rendered":"\n<p><strong>\u00bfQu\u00e9 es la prevenci\u00f3n en el derecho laboral y por qu\u00e9 es clave para trabajadores y empresas?<\/strong><\/p>\n\n\n\n<p>En el mundo laboral, prevenir es tan importante como producir. Sin embargo, muchas veces este aspecto se deja de lado, hasta que aparece un problema legal que podr\u00eda haberse evitado con asesor\u00eda y acciones a tiempo. En ese contexto, la <strong>prevenci\u00f3n en el derecho laboral<\/strong> se presenta como una herramienta fundamental para proteger a los trabajadores y asegurar la estabilidad de las empresas.<\/p>\n\n\n\n<p><strong>Prevenir es proteger derechos y evitar conflictos<\/strong><\/p>\n\n\n\n<p>La prevenci\u00f3n en el derecho laboral consiste en implementar <strong>medidas jur\u00eddicas, administrativas y organizativas<\/strong> que aseguren el cumplimiento de las normas laborales desde el inicio de la relaci\u00f3n entre empresa y trabajador. No se trata solo de evitar sanciones o multas, sino de <strong>garantizar entornos laborales justos, seguros y transparentes<\/strong>.<\/p>\n\n\n\n<p>Cuando las empresas act\u00faan preventivamente, se reducen los conflictos, se mejora el clima laboral y se fortalece la imagen corporativa. Para los trabajadores, esta prevenci\u00f3n significa <strong>mayor seguridad jur\u00eddica, respeto a sus derechos y condiciones dignas de trabajo<\/strong>.<\/p>\n\n\n\n<p><strong>\u00bfCu\u00e1l es el papel del abogado laboralista?<\/strong><\/p>\n\n\n\n<p>Aqu\u00ed entra en escena una figura clave: el <strong>abogado laboralista<\/strong>. Este profesional no solo act\u00faa cuando ya hay un problema legal, sino que cumple un rol preventivo crucial. Ayuda a las empresas a identificar los riesgos legales en sus relaciones laborales, revisar contratos, dise\u00f1ar pol\u00edticas internas, cumplir con la normativa vigente y capacitar a los equipos directivos.<\/p>\n\n\n\n<p>Por su parte, tambi\u00e9n asesora a trabajadores que deseen entender o defender sus derechos. Su conocimiento permite actuar con anticipaci\u00f3n y evitar que las relaciones laborales se conviertan en escenarios de conflicto.<\/p>\n\n\n\n<p><strong>Un compromiso de ambas partes<\/strong><\/p>\n\n\n\n<p>La prevenci\u00f3n laboral no es responsabilidad exclusiva de las empresas o del abogado; es un compromiso conjunto. <strong>Los empleadores deben reconocer que invertir en asesor\u00eda legal preventiva es cuidar su negocio<\/strong>, y los trabajadores deben estar informados sobre sus derechos y deberes para ejercerlos con responsabilidad.<\/p>\n\n\n\n<p>Hoy m\u00e1s que nunca, en un entorno laboral cambiante y exigente, la prevenci\u00f3n es sin\u00f3nimo de sostenibilidad. Adoptarla no es solo cumplir con la ley, es construir <strong>relaciones laborales sanas, duraderas y justas<\/strong>.<\/p>\n\n\n\n<p><\/p>\n\n\n\n<p><\/p>\n","protected":false},"excerpt":{"rendered":"<p>\u00bfQu\u00e9 es la prevenci\u00f3n en el derecho laboral y por qu\u00e9 es clave para trabajadores y empresas? En el mundo laboral, prevenir es tan importante como producir. Sin embargo, muchas veces este aspecto se deja de lado, hasta que aparece un problema legal que podr\u00eda haberse evitado con asesor\u00eda y acciones a tiempo. En ese [&hellip;]<\/p>\n","protected":false},"author":1,"featured_media":624,"comment_status":"open","ping_status":"open","sticky":false,"template":"","format":"standard","meta":{"footnotes":""},"categories":[1],"tags":[],"class_list":{"0":"post-623","1":"post","2":"type-post","3":"status-publish","4":"format-standard","5":"has-post-thumbnail","7":"category-corporativo"},"yoast_head":"<!-- This site is optimized with the Yoast SEO plugin v26.6 - https:\/\/yoast.com\/wordpress\/plugins\/seo\/ -->\n<title>Como puede proteger el Derecho Laboral a tu empresa<\/title>\n<meta name=\"robots\" content=\"index, follow, max-snippet:-1, max-image-preview:large, max-video-preview:-1\" \/>\n<link rel=\"canonical\" href=\"https:\/\/pdabogados.com.mx\/index.php\/2025\/04\/30\/como-te-puede-proteger-el-derecho-laboral-en-tu-empresa\/\" \/>\n<meta property=\"og:locale\" content=\"es_MX\" \/>\n<meta property=\"og:type\" content=\"article\" \/>\n<meta property=\"og:title\" content=\"Como puede proteger el Derecho Laboral a tu empresa\" \/>\n<meta property=\"og:description\" content=\"\u00bfQu\u00e9 es la prevenci\u00f3n en el derecho laboral y por qu\u00e9 es clave para trabajadores y empresas? En el mundo laboral, prevenir es tan importante como producir. Sin embargo, muchas veces este aspecto se deja de lado, hasta que aparece un problema legal que podr\u00eda haberse evitado con asesor\u00eda y acciones a tiempo. En ese [&hellip;]\" \/>\n<meta property=\"og:url\" content=\"https:\/\/pdabogados.com.mx\/index.php\/2025\/04\/30\/como-te-puede-proteger-el-derecho-laboral-en-tu-empresa\/\" \/>\n<meta property=\"og:site_name\" content=\"P\u00e9rez Dom\u00ednguez Abogados\" \/>\n<meta property=\"article:publisher\" content=\"https:\/\/www.facebook.com\/PDAbogados\" \/>\n<meta property=\"article:published_time\" content=\"2025-04-30T19:10:50+00:00\" \/>\n<meta property=\"article:modified_time\" content=\"2025-04-30T19:12:38+00:00\" \/>\n<meta property=\"og:image\" content=\"http:\/\/pdabogados.com.mx\/wp-content\/uploads\/2025\/04\/derecho-laboral-scaled.jpg\" \/>\n\t<meta property=\"og:image:width\" content=\"2560\" \/>\n\t<meta property=\"og:image:height\" content=\"1707\" \/>\n\t<meta property=\"og:image:type\" content=\"image\/jpeg\" \/>\n<meta name=\"author\" content=\"soyabogado\" \/>\n<meta name=\"twitter:card\" content=\"summary_large_image\" \/>\n<meta name=\"twitter:label1\" content=\"Escrito por\" \/>\n\t<meta name=\"twitter:data1\" content=\"soyabogado\" \/>\n\t<meta name=\"twitter:label2\" content=\"Tiempo de lectura\" \/>\n\t<meta name=\"twitter:data2\" content=\"2 minutos\" \/>\n<script type=\"application\/ld+json\" class=\"yoast-schema-graph\">{\"@context\":\"https:\/\/schema.org\",\"@graph\":[{\"@type\":\"Article\",\"@id\":\"https:\/\/pdabogados.com.mx\/index.php\/2025\/04\/30\/como-te-puede-proteger-el-derecho-laboral-en-tu-empresa\/#article\",\"isPartOf\":{\"@id\":\"https:\/\/pdabogados.com.mx\/index.php\/2025\/04\/30\/como-te-puede-proteger-el-derecho-laboral-en-tu-empresa\/\"},\"author\":{\"name\":\"soyabogado\",\"@id\":\"https:\/\/pdabogados.com.mx\/#\/schema\/person\/84dadc7e1e350329ab3b398c8b89fa86\"},\"headline\":\"Como puede proteger el Derecho Laboral a tu empresa\",\"datePublished\":\"2025-04-30T19:10:50+00:00\",\"dateModified\":\"2025-04-30T19:12:38+00:00\",\"mainEntityOfPage\":{\"@id\":\"https:\/\/pdabogados.com.mx\/index.php\/2025\/04\/30\/como-te-puede-proteger-el-derecho-laboral-en-tu-empresa\/\"},\"wordCount\":385,\"commentCount\":0,\"publisher\":{\"@id\":\"https:\/\/pdabogados.com.mx\/#organization\"},\"image\":{\"@id\":\"https:\/\/pdabogados.com.mx\/index.php\/2025\/04\/30\/como-te-puede-proteger-el-derecho-laboral-en-tu-empresa\/#primaryimage\"},\"thumbnailUrl\":\"https:\/\/pdabogados.com.mx\/wp-content\/uploads\/2025\/04\/derecho-laboral-scaled.jpg\",\"articleSection\":[\"Derecho Corporativo\"],\"inLanguage\":\"es\",\"potentialAction\":[{\"@type\":\"CommentAction\",\"name\":\"Comment\",\"target\":[\"https:\/\/pdabogados.com.mx\/index.php\/2025\/04\/30\/como-te-puede-proteger-el-derecho-laboral-en-tu-empresa\/#respond\"]}]},{\"@type\":\"WebPage\",\"@id\":\"https:\/\/pdabogados.com.mx\/index.php\/2025\/04\/30\/como-te-puede-proteger-el-derecho-laboral-en-tu-empresa\/\",\"url\":\"https:\/\/pdabogados.com.mx\/index.php\/2025\/04\/30\/como-te-puede-proteger-el-derecho-laboral-en-tu-empresa\/\",\"name\":\"Como puede proteger el Derecho Laboral a tu empresa\",\"isPartOf\":{\"@id\":\"https:\/\/pdabogados.com.mx\/#website\"},\"primaryImageOfPage\":{\"@id\":\"https:\/\/pdabogados.com.mx\/index.php\/2025\/04\/30\/como-te-puede-proteger-el-derecho-laboral-en-tu-empresa\/#primaryimage\"},\"image\":{\"@id\":\"https:\/\/pdabogados.com.mx\/index.php\/2025\/04\/30\/como-te-puede-proteger-el-derecho-laboral-en-tu-empresa\/#primaryimage\"},\"thumbnailUrl\":\"https:\/\/pdabogados.com.mx\/wp-content\/uploads\/2025\/04\/derecho-laboral-scaled.jpg\",\"datePublished\":\"2025-04-30T19:10:50+00:00\",\"dateModified\":\"2025-04-30T19:12:38+00:00\",\"breadcrumb\":{\"@id\":\"https:\/\/pdabogados.com.mx\/index.php\/2025\/04\/30\/como-te-puede-proteger-el-derecho-laboral-en-tu-empresa\/#breadcrumb\"},\"inLanguage\":\"es\",\"potentialAction\":[{\"@type\":\"ReadAction\",\"target\":[\"https:\/\/pdabogados.com.mx\/index.php\/2025\/04\/30\/como-te-puede-proteger-el-derecho-laboral-en-tu-empresa\/\"]}]},{\"@type\":\"ImageObject\",\"inLanguage\":\"es\",\"@id\":\"https:\/\/pdabogados.com.mx\/index.php\/2025\/04\/30\/como-te-puede-proteger-el-derecho-laboral-en-tu-empresa\/#primaryimage\",\"url\":\"https:\/\/pdabogados.com.mx\/wp-content\/uploads\/2025\/04\/derecho-laboral-scaled.jpg\",\"contentUrl\":\"https:\/\/pdabogados.com.mx\/wp-content\/uploads\/2025\/04\/derecho-laboral-scaled.jpg\",\"width\":2560,\"height\":1707},{\"@type\":\"BreadcrumbList\",\"@id\":\"https:\/\/pdabogados.com.mx\/index.php\/2025\/04\/30\/como-te-puede-proteger-el-derecho-laboral-en-tu-empresa\/#breadcrumb\",\"itemListElement\":[{\"@type\":\"ListItem\",\"position\":1,\"name\":\"Inicio\",\"item\":\"https:\/\/pdabogados.com.mx\/\"},{\"@type\":\"ListItem\",\"position\":2,\"name\":\"Como puede proteger el Derecho Laboral a tu empresa\"}]},{\"@type\":\"WebSite\",\"@id\":\"https:\/\/pdabogados.com.mx\/#website\",\"url\":\"https:\/\/pdabogados.com.mx\/\",\"name\":\"PD Abogados Laboralistas en M\u00e9rida\",\"description\":\"Abogados Laboralistas M\u00e9rida\",\"publisher\":{\"@id\":\"https:\/\/pdabogados.com.mx\/#organization\"},\"potentialAction\":[{\"@type\":\"SearchAction\",\"target\":{\"@type\":\"EntryPoint\",\"urlTemplate\":\"https:\/\/pdabogados.com.mx\/?s={search_term_string}\"},\"query-input\":{\"@type\":\"PropertyValueSpecification\",\"valueRequired\":true,\"valueName\":\"search_term_string\"}}],\"inLanguage\":\"es\"},{\"@type\":\"Organization\",\"@id\":\"https:\/\/pdabogados.com.mx\/#organization\",\"name\":\"P\u00e9rez Dom\u00ednguez Abogados\",\"url\":\"https:\/\/pdabogados.com.mx\/\",\"logo\":{\"@type\":\"ImageObject\",\"inLanguage\":\"es\",\"@id\":\"https:\/\/pdabogados.com.mx\/#\/schema\/logo\/image\/\",\"url\":\"http:\/\/pdabogados.com.mx\/wp-content\/uploads\/2019\/06\/logo-pagina-web-pd-200.png\",\"contentUrl\":\"http:\/\/pdabogados.com.mx\/wp-content\/uploads\/2019\/06\/logo-pagina-web-pd-200.png\",\"width\":300,\"height\":72,\"caption\":\"P\u00e9rez Dom\u00ednguez Abogados\"},\"image\":{\"@id\":\"https:\/\/pdabogados.com.mx\/#\/schema\/logo\/image\/\"},\"sameAs\":[\"https:\/\/www.facebook.com\/PDAbogados\"]},{\"@type\":\"Person\",\"@id\":\"https:\/\/pdabogados.com.mx\/#\/schema\/person\/84dadc7e1e350329ab3b398c8b89fa86\",\"name\":\"soyabogado\",\"image\":{\"@type\":\"ImageObject\",\"inLanguage\":\"es\",\"@id\":\"https:\/\/pdabogados.com.mx\/#\/schema\/person\/image\/\",\"url\":\"https:\/\/secure.gravatar.com\/avatar\/762bafb32941424f70f5edfc9401f397b06da1fc253babcaf215935ef998e700?s=96&d=mm&r=g\",\"contentUrl\":\"https:\/\/secure.gravatar.com\/avatar\/762bafb32941424f70f5edfc9401f397b06da1fc253babcaf215935ef998e700?s=96&d=mm&r=g\",\"caption\":\"soyabogado\"}}]}<\/script>\n<!-- \/ Yoast SEO plugin. -->","yoast_head_json":{"title":"Como puede proteger el Derecho Laboral a tu empresa","robots":{"index":"index","follow":"follow","max-snippet":"max-snippet:-1","max-image-preview":"max-image-preview:large","max-video-preview":"max-video-preview:-1"},"canonical":"https:\/\/pdabogados.com.mx\/index.php\/2025\/04\/30\/como-te-puede-proteger-el-derecho-laboral-en-tu-empresa\/","og_locale":"es_MX","og_type":"article","og_title":"Como puede proteger el Derecho Laboral a tu empresa","og_description":"\u00bfQu\u00e9 es la prevenci\u00f3n en el derecho laboral y por qu\u00e9 es clave para trabajadores y empresas? En el mundo laboral, prevenir es tan importante como producir. Sin embargo, muchas veces este aspecto se deja de lado, hasta que aparece un problema legal que podr\u00eda haberse evitado con asesor\u00eda y acciones a tiempo. En ese [&hellip;]","og_url":"https:\/\/pdabogados.com.mx\/index.php\/2025\/04\/30\/como-te-puede-proteger-el-derecho-laboral-en-tu-empresa\/","og_site_name":"P\u00e9rez Dom\u00ednguez Abogados","article_publisher":"https:\/\/www.facebook.com\/PDAbogados","article_published_time":"2025-04-30T19:10:50+00:00","article_modified_time":"2025-04-30T19:12:38+00:00","og_image":[{"width":2560,"height":1707,"url":"http:\/\/pdabogados.com.mx\/wp-content\/uploads\/2025\/04\/derecho-laboral-scaled.jpg","type":"image\/jpeg"}],"author":"soyabogado","twitter_card":"summary_large_image","twitter_misc":{"Escrito por":"soyabogado","Tiempo de lectura":"2 minutos"},"schema":{"@context":"https:\/\/schema.org","@graph":[{"@type":"Article","@id":"https:\/\/pdabogados.com.mx\/index.php\/2025\/04\/30\/como-te-puede-proteger-el-derecho-laboral-en-tu-empresa\/#article","isPartOf":{"@id":"https:\/\/pdabogados.com.mx\/index.php\/2025\/04\/30\/como-te-puede-proteger-el-derecho-laboral-en-tu-empresa\/"},"author":{"name":"soyabogado","@id":"https:\/\/pdabogados.com.mx\/#\/schema\/person\/84dadc7e1e350329ab3b398c8b89fa86"},"headline":"Como puede proteger el Derecho Laboral a tu empresa","datePublished":"2025-04-30T19:10:50+00:00","dateModified":"2025-04-30T19:12:38+00:00","mainEntityOfPage":{"@id":"https:\/\/pdabogados.com.mx\/index.php\/2025\/04\/30\/como-te-puede-proteger-el-derecho-laboral-en-tu-empresa\/"},"wordCount":385,"commentCount":0,"publisher":{"@id":"https:\/\/pdabogados.com.mx\/#organization"},"image":{"@id":"https:\/\/pdabogados.com.mx\/index.php\/2025\/04\/30\/como-te-puede-proteger-el-derecho-laboral-en-tu-empresa\/#primaryimage"},"thumbnailUrl":"https:\/\/pdabogados.com.mx\/wp-content\/uploads\/2025\/04\/derecho-laboral-scaled.jpg","articleSection":["Derecho Corporativo"],"inLanguage":"es","potentialAction":[{"@type":"CommentAction","name":"Comment","target":["https:\/\/pdabogados.com.mx\/index.php\/2025\/04\/30\/como-te-puede-proteger-el-derecho-laboral-en-tu-empresa\/#respond"]}]},{"@type":"WebPage","@id":"https:\/\/pdabogados.com.mx\/index.php\/2025\/04\/30\/como-te-puede-proteger-el-derecho-laboral-en-tu-empresa\/","url":"https:\/\/pdabogados.com.mx\/index.php\/2025\/04\/30\/como-te-puede-proteger-el-derecho-laboral-en-tu-empresa\/","name":"Como puede proteger el Derecho Laboral a tu empresa","isPartOf":{"@id":"https:\/\/pdabogados.com.mx\/#website"},"primaryImageOfPage":{"@id":"https:\/\/pdabogados.com.mx\/index.php\/2025\/04\/30\/como-te-puede-proteger-el-derecho-laboral-en-tu-empresa\/#primaryimage"},"image":{"@id":"https:\/\/pdabogados.com.mx\/index.php\/2025\/04\/30\/como-te-puede-proteger-el-derecho-laboral-en-tu-empresa\/#primaryimage"},"thumbnailUrl":"https:\/\/pdabogados.com.mx\/wp-content\/uploads\/2025\/04\/derecho-laboral-scaled.jpg","datePublished":"2025-04-30T19:10:50+00:00","dateModified":"2025-04-30T19:12:38+00:00","breadcrumb":{"@id":"https:\/\/pdabogados.com.mx\/index.php\/2025\/04\/30\/como-te-puede-proteger-el-derecho-laboral-en-tu-empresa\/#breadcrumb"},"inLanguage":"es","potentialAction":[{"@type":"ReadAction","target":["https:\/\/pdabogados.com.mx\/index.php\/2025\/04\/30\/como-te-puede-proteger-el-derecho-laboral-en-tu-empresa\/"]}]},{"@type":"ImageObject","inLanguage":"es","@id":"https:\/\/pdabogados.com.mx\/index.php\/2025\/04\/30\/como-te-puede-proteger-el-derecho-laboral-en-tu-empresa\/#primaryimage","url":"https:\/\/pdabogados.com.mx\/wp-content\/uploads\/2025\/04\/derecho-laboral-scaled.jpg","contentUrl":"https:\/\/pdabogados.com.mx\/wp-content\/uploads\/2025\/04\/derecho-laboral-scaled.jpg","width":2560,"height":1707},{"@type":"BreadcrumbList","@id":"https:\/\/pdabogados.com.mx\/index.php\/2025\/04\/30\/como-te-puede-proteger-el-derecho-laboral-en-tu-empresa\/#breadcrumb","itemListElement":[{"@type":"ListItem","position":1,"name":"Inicio","item":"https:\/\/pdabogados.com.mx\/"},{"@type":"ListItem","position":2,"name":"Como puede proteger el Derecho Laboral a tu empresa"}]},{"@type":"WebSite","@id":"https:\/\/pdabogados.com.mx\/#website","url":"https:\/\/pdabogados.com.mx\/","name":"PD Abogados Laboralistas en M\u00e9rida","description":"Abogados Laboralistas M\u00e9rida","publisher":{"@id":"https:\/\/pdabogados.com.mx\/#organization"},"potentialAction":[{"@type":"SearchAction","target":{"@type":"EntryPoint","urlTemplate":"https:\/\/pdabogados.com.mx\/?s={search_term_string}"},"query-input":{"@type":"PropertyValueSpecification","valueRequired":true,"valueName":"search_term_string"}}],"inLanguage":"es"},{"@type":"Organization","@id":"https:\/\/pdabogados.com.mx\/#organization","name":"P\u00e9rez Dom\u00ednguez Abogados","url":"https:\/\/pdabogados.com.mx\/","logo":{"@type":"ImageObject","inLanguage":"es","@id":"https:\/\/pdabogados.com.mx\/#\/schema\/logo\/image\/","url":"http:\/\/pdabogados.com.mx\/wp-content\/uploads\/2019\/06\/logo-pagina-web-pd-200.png","contentUrl":"http:\/\/pdabogados.com.mx\/wp-content\/uploads\/2019\/06\/logo-pagina-web-pd-200.png","width":300,"height":72,"caption":"P\u00e9rez Dom\u00ednguez Abogados"},"image":{"@id":"https:\/\/pdabogados.com.mx\/#\/schema\/logo\/image\/"},"sameAs":["https:\/\/www.facebook.com\/PDAbogados"]},{"@type":"Person","@id":"https:\/\/pdabogados.com.mx\/#\/schema\/person\/84dadc7e1e350329ab3b398c8b89fa86","name":"soyabogado","image":{"@type":"ImageObject","inLanguage":"es","@id":"https:\/\/pdabogados.com.mx\/#\/schema\/person\/image\/","url":"https:\/\/secure.gravatar.com\/avatar\/762bafb32941424f70f5edfc9401f397b06da1fc253babcaf215935ef998e700?s=96&d=mm&r=g","contentUrl":"https:\/\/secure.gravatar.com\/avatar\/762bafb32941424f70f5edfc9401f397b06da1fc253babcaf215935ef998e700?s=96&d=mm&r=g","caption":"soyabogado"}}]}},"_links":{"self":[{"href":"https:\/\/pdabogados.com.mx\/index.php\/wp-json\/wp\/v2\/posts\/623","targetHints":{"allow":["GET"]}}],"collection":[{"href":"https:\/\/pdabogados.com.mx\/index.php\/wp-json\/wp\/v2\/posts"}],"about":[{"href":"https:\/\/pdabogados.com.mx\/index.php\/wp-json\/wp\/v2\/types\/post"}],"author":[{"embeddable":true,"href":"https:\/\/pdabogados.com.mx\/index.php\/wp-json\/wp\/v2\/users\/1"}],"replies":[{"embeddable":true,"href":"https:\/\/pdabogados.com.mx\/index.php\/wp-json\/wp\/v2\/comments?post=623"}],"version-history":[{"count":3,"href":"https:\/\/pdabogados.com.mx\/index.php\/wp-json\/wp\/v2\/posts\/623\/revisions"}],"predecessor-version":[{"id":627,"href":"https:\/\/pdabogados.com.mx\/index.php\/wp-json\/wp\/v2\/posts\/623\/revisions\/627"}],"wp:featuredmedia":[{"embeddable":true,"href":"https:\/\/pdabogados.com.mx\/index.php\/wp-json\/wp\/v2\/media\/624"}],"wp:attachment":[{"href":"https:\/\/pdabogados.com.mx\/index.php\/wp-json\/wp\/v2\/media?parent=623"}],"wp:term":[{"taxonomy":"category","embeddable":true,"href":"https:\/\/pdabogados.com.mx\/index.php\/wp-json\/wp\/v2\/categories?post=623"},{"taxonomy":"post_tag","embeddable":true,"href":"https:\/\/pdabogados.com.mx\/index.php\/wp-json\/wp\/v2\/tags?post=623"}],"curies":[{"name":"wp","href":"https:\/\/api.w.org\/{rel}","templated":true}]}}